{"id":9304,"date":"2022-01-11T09:55:43","date_gmt":"2022-01-11T08:55:43","guid":{"rendered":"https:\/\/cococrem.es\/blog\/?p=9304"},"modified":"2022-01-11T09:55:43","modified_gmt":"2022-01-11T08:55:43","slug":"metodo-curly","status":"publish","type":"post","link":"https:\/\/cococrem.es\/blog\/metodo-curly\/","title":{"rendered":"Qu\u00e9 es el m\u00e9todo curly"},"content":{"rendered":"<p style=\"text-align: justify;\">Probablemente hayas escuchado hablar mucho del <strong>m\u00e9todo curly<\/strong>, especialmente si tienes el <a href=\"\/881-pelo-rizado\" target=\"_blank\" rel=\"noopener\">pelo rizado<\/a> o ondulado. Las redes sociales se han llenado de perfiles que explican este m\u00e9todo y grandes comunidades se han creado alrededor de \u00e9l.<\/p>\n<p style=\"text-align: justify;\">Lo cierto es que el m\u00e9todo curly apareci\u00f3 hace ya m\u00e1s de diez a\u00f1os cuando una estilista americana, <strong>Lorraine Massey<\/strong> public\u00f3 el libro <em>Curly Girl: The Handbook. <\/em>En el libro la estilista desarrollaba una rutina capilar especialmente pensada para el cabello rizado que buscaba lograr un cabello menos encrespado y m\u00e1s hidratado y nutrido.<\/p>\n<p style=\"text-align: justify;\">El principal objetivo del m\u00e9todo curly es la <strong>hidrataci\u00f3n de las fibras capilares<\/strong> que repercutir\u00e1 en unos rizos m\u00e1s definidos. El m\u00e9todo caus\u00f3 furor en Estados Unidos ya que reivindicaba el cabello natural y <strong>proporcionaba herramientas y directrices<\/strong> a todas aquellas personas con este tipo de cabello (y tambi\u00e9n ondulado) para lucir su melena al m\u00e1ximo esplendor sin depender de herramientas de calor o tratamientos agresivos.<\/p>\n<p style=\"text-align: justify;\">En Espa\u00f1a se populariz\u00f3 hace unos a\u00f1os y ya son muchas las personas que lucen una melena rizada e hidratada con orgullo. Sin embargo, el proceso <strong>requiere de un periodo de adaptaci\u00f3n<\/strong> y del reaprendizaje de m\u00e9todos o formas de tratar el pelo tradicionalmente adoptadas.<\/p>\n<p style=\"text-align: justify;\">La base del m\u00e9todo curly reside en eliminar el uso de productos que incorporen ingredientes como las <strong>siliconas o los sulfatos<\/strong>. Estos ingredientes suelen estar presentes en los champ\u00fas y productos capilares habituales. Las siliconas en las mascarillas solo suponen un parche que se adhiere a la parte externa de la fibra capilar e impide que la hidrataci\u00f3n penetre. Para eliminar los restos de estas siliconas se usan productos como champ\u00fas con sulfatos que resultan en un pelo reseco que puede evolucionar en problem\u00e1ticas como la caspa o descamaci\u00f3n. Esto supone un c\u00edrculo vicioso del que es dif\u00edcil salir.<\/p>\n<p style=\"text-align: justify;\">El m\u00e9todo curly, adem\u00e1s, se basa en otras premisas como <strong>reducir el n\u00famero de lavados<\/strong> para beneficiarse de los aceites naturales del cabello que proporcionan hidrataci\u00f3n al cabello rizado o huir de las herramientas de calor y los tintes qu\u00edmicos.<\/p>\n<h2>Pasos m\u00e9todo curly<\/h2>\n<p style=\"text-align: justify;\">Antes de iniciar el m\u00e9todo curly el paso 0 ser\u00eda <strong>conocer bien nuestro cabello<\/strong>: el tipo de rizo, la densidad, el grosor y la elasticidad del mismo. Otros aspectos como la porosidad (que se mide seg\u00fan la rapidez de secado) tambi\u00e9n ser\u00e1n esenciales para saber qu\u00e9 necesidades tiene nuestro cabello y qu\u00e9 productos necesita.<\/p>\n<p><a href=\"\/881-pelo-rizado\"><img data-opt-src=\"https:\/\/ml2u9lzqwze4.i.optimole.com\/F_a2AAg-cWr5IcMz\/w:300\/h:187\/q:90\/https:\/\/cococrem.es\/blog\/wp-content\/uploads\/2021\/12\/tipos-de-cabello-rizado-cococrem-2.jpg\"  decoding=\"async\" class=\"aligncenter wp-image-9322\" src=\"https:\/\/ml2u9lzqwze4.i.optimole.com\/F_a2AAg-cWr5IcMz\/w:300\/h:187\/q:eco\/https:\/\/cococrem.es\/blog\/wp-content\/uploads\/2021\/12\/tipos-de-cabello-rizado-cococrem-2.jpg\" alt=\"tipos de cabello rizado\" width=\"400\" height=\"249\" \/><noscript><img decoding=\"async\" class=\"aligncenter wp-image-9322\" src=\"https:\/\/ml2u9lzqwze4.i.optimole.com\/F_a2AAg-cWr5IcMz\/w:300\/h:187\/q:90\/https:\/\/cococrem.es\/blog\/wp-content\/uploads\/2021\/12\/tipos-de-cabello-rizado-cococrem-2.jpg\" alt=\"tipos de cabello rizado\" width=\"400\" height=\"249\" \/></noscript><\/a><\/p>\n<p style=\"text-align: justify;\">A continuaci\u00f3n, el primer paso ser\u00e1 el \u00faltimo lavado. En este paso se aplicar\u00e1 un producto de lavado con sulfatos pero sin siliconas espec\u00edfico que ayudar\u00e1 a <strong>retirar del cabello los residuos<\/strong> de siliconas que pueda tener. Se trata de un paso esencial para comenzar el m\u00e9todo con un cabello completamente \u201climpio\u201d. Debemos tener en cuenta que, al realizarse con un producto con sulfatos pero sin siliconas, ser\u00e1 un lavado agresivo con nuestro cabello.<\/p>\n<p style=\"text-align: justify;\">El segundo paso es quiz\u00e1s uno de los m\u00e1s conocidos y a la vez sorprendentes del m\u00e9todo curly: el cowash. El cowash implica <strong>lavar el cabello con acondicionador<\/strong> (en vez de champ\u00fa). Los acondicionadores, adem\u00e1s de aportar brillo a la melena, tambi\u00e9n incorporan agentes limpiadores. Para hacer cowash se aplicar\u00e1 el acondicionador a modo de champ\u00fa, es decir, sobre el cuero cabelludo masaje\u00e1ndolo durante al menos 5 minutos y aclar\u00e1ndolo correctamente despu\u00e9s.<\/p>\n<p style=\"text-align: justify;\">Si todo esto crees que no va mucho con tu pelo porque es fino y graso existe tambi\u00e9n la posibilidad de lavar tu pelo con champ\u00fas sin sulfatos ni siliconas que son aptos para el m\u00e9todo curly o alternar ambos m\u00e9todos de lavado.<\/p>\n<p style=\"text-align: justify;\">La mascarilla se recomiendo usarla una vez por semana aunque se puede adaptar seg\u00fan el tipo de cabello. Se podr\u00e1 aplicar, siempre que no contenga ninguno de los ingredientes anteriormente mencionados, antes o despu\u00e9s del lavado y se recomienda <strong>dejarla actuar bastante tiempo<\/strong> para conseguir una hidrataci\u00f3n profunda.<\/p>\n<p style=\"text-align: justify;\">Con el pelo ya limpio llega el momento de <strong>peinarlo y secarlo<\/strong>. Esta parte es esencial para que se vean reflejados los pasos previos. Todo es importante: la toalla deber\u00e1 ser de microfibra ya que las toallas de algod\u00f3n favorecen el encrespamiento. Cuando sequemos el cabello con la toalla deberemos deslizarla, no estrujar con ella el cabello.\u00a0Aunque <strong>se recomienda no secar el cabello<\/strong> con secadores sino al aire en caso de tener que hacerlo se mantendr\u00e1n temperaturas bajas y se usar\u00e1 el difusor.\u00a0En cuanto a los productos de peinado tampoco deber\u00e1n llevar ninguno de los componentes a evitar como las siliconas o los alcoholes secantes.<\/p>\n<p style=\"text-align: justify;\">Uno de los productos m\u00e1s llamativos del m\u00e9todo curly es el <em>leave-in conditioner <\/em>o el <a href=\"https:\/\/cococrem.es\/882-acondicionador-sin-aclarado\" target=\"_blank\" rel=\"noopener\">acondicionador sin aclarado<\/a>. Se aplica despu\u00e9s de retirar el exceso de agua y ayuda a <strong>mantener y retener la hidrataci\u00f3n<\/strong> en el cabello.<\/p>\n<p style=\"text-align: justify;\">Para desenredar el cabello despu\u00e9s de la ducha las directrices indican que la forma m\u00e1s recomendable es hacerlo con las manos. En su defecto, se recomienda usar cepillos con p\u00faas grandes y separadas.<\/p>\n<p style=\"text-align: justify;\">Por supuesto, se debe huir de las herramientas de calor como las tenazas o las planchas que solo logran debilitar el cabello y hacer perder la forma natural del cabello rizado.<\/p>\n<p style=\"text-align: justify;\">Algunos tips extra del m\u00e9todo curly:<\/p>\n<ul>\n<li>Dormir con <strong>gorro de sat\u00e9n<\/strong> ayudar\u00e1 a mantener los rizos m\u00e1s tiempo en perfecto estado.<\/li>\n<li>Lavar el cabello con<strong> agua fr\u00eda<\/strong> (al menos el \u00faltimo aclarado) ayudar\u00e1 a cerrar las cut\u00edculas.<\/li>\n<li>Para darle forma a los rizos existen miles de opciones y t\u00e9cnicas de aplicaci\u00f3n. Una muy sencilla es hacerlo con la <strong>t\u00e9cnica pulsing<\/strong> (aplicar productos con agua mientas se estruja el cabello) y agua o acondicionador sin aclarado. Esto reactivar\u00e1 los productos que se aplicaron en el lavado.<\/li>\n<\/ul>\n<h3>Productos m\u00e9todo curly<\/h3>\n<p style=\"text-align: justify;\">Ahora que ya sabemos en qu\u00e9 consiste el m\u00e9todo curly la pregunta que surge es <strong>qu\u00e9 productos se pueden usar<\/strong>.\u00a0Como hemos comentado al inicio, el m\u00e9todo curly apuesta por dejar de usar ciertos componentes en el cabello para mantener la hidrataci\u00f3n del mismo de manera natural. Estos componentes van desde los parabenos, sulfatos y siliconas hasta la cera o algunos alcoholes.<\/p>\n<p style=\"text-align: justify;\">Los<strong> sulfatos<\/strong> son detergentes y son los responsables en los productos tradicionales de crear esa ansiada espuma que tradicionalmente se busca al lavar un cabello. Son potentes eliminadores de grasas pero para lograrlo destruyen los l\u00edpidos naturales del cabello y provocan irritaci\u00f3n o sequedad en el cuero cabelludo. Dentro de los sulfatos, hay algunos m\u00e1s suaves que s\u00ed que se aceptan como componentes de productos m\u00e9todo curly.<\/p>\n<p style=\"text-align: justify;\"><strong>Las siliconas, los aceites minerales y las ceras<\/strong> son componentes tradicionalmente considerados hidratantes que, no obstante, se acumulan en el cabello y forman una barrera que impide una nutrici\u00f3n real. Estos componentes no suelen ser solubles en agua y requieren de componentes agresivos (como los sulfatos) para eliminarlos.<\/p>\n<p style=\"text-align: justify;\">Cada vez son m\u00e1s las marcas que incluyen productos o <strong>l\u00edneas especiales para el m\u00e9todo curly<\/strong>.\u00a0En <a href=\"\/\" target=\"_blank\" rel=\"noopener\">Cococrem<\/a> estamos siempre ampliando nuestro cat\u00e1logo para satisfacer las necesidades de todos nuestros clientes. Por eso, poco a poco estamos incorporando l\u00edneas y productos especialmente pensadas o aptas para el m\u00e9todo curly como es el caso de los siguientes productos.<\/p>\n<h4>Olaplex n\u00ba1, n\u00ba2 y n\u00ba3<\/h4>\n<p><a href=\"\/packs-olaplex\/2089-travel-kit-n1-n2-y-n3-hair-perfector-olaplex.html\"><img data-opt-src=\"https:\/\/ml2u9lzqwze4.i.optimole.com\/F_a2AAg-XDHQgoS2\/w:auto\/h:auto\/q:90\/https:\/\/cococrem.es\/blog\/wp-content\/uploads\/2021\/12\/olaplex-metodo-curly.jpg\"  decoding=\"async\" class=\"aligncenter wp-image-9307\" src=\"https:\/\/ml2u9lzqwze4.i.optimole.com\/F_a2AAg-XDHQgoS2\/w:auto\/h:auto\/q:eco\/https:\/\/cococrem.es\/blog\/wp-content\/uploads\/2021\/12\/olaplex-metodo-curly.jpg\" alt=\"Olaplex m\u00e9todo curly\" width=\"400\" height=\"400\" \/><noscript><img decoding=\"async\" class=\"aligncenter wp-image-9307\" src=\"https:\/\/ml2u9lzqwze4.i.optimole.com\/F_a2AAg-XDHQgoS2\/w:auto\/h:auto\/q:90\/https:\/\/cococrem.es\/blog\/wp-content\/uploads\/2021\/12\/olaplex-metodo-curly.jpg\" alt=\"Olaplex m\u00e9todo curly\" width=\"400\" height=\"400\" \/></noscript><\/a>Estos tres productos de la l\u00ednea capilar de Olaplex son aptos ya que est\u00e1n libres de parabenos y otros ingredientes no recomendables para seguir el m\u00e9todo en cuesti\u00f3n.<\/p>\n<h4>As I am Born Curly<\/h4>\n<p>&nbsp;<\/p>\n<p><a href=\"\/born-curly-as-i-am\/2825-born-curly-avocado-shea-cowash-as-i-am.html\"><img data-opt-src=\"https:\/\/ml2u9lzqwze4.i.optimole.com\/F_a2AAg-9mYAfymo\/w:300\/h:300\/q:90\/https:\/\/cococrem.es\/blog\/wp-content\/uploads\/2021\/12\/cowash-As-I-am-kids.jpg\"  decoding=\"async\" class=\"wp-image-9313 size-medium alignleft\" src=\"https:\/\/ml2u9lzqwze4.i.optimole.com\/F_a2AAg-9mYAfymo\/w:300\/h:300\/q:eco\/https:\/\/cococrem.es\/blog\/wp-content\/uploads\/2021\/12\/cowash-As-I-am-kids.jpg\" alt=\"cowash As I am kids\" width=\"300\" height=\"300\" \/><noscript><img decoding=\"async\" class=\"wp-image-9313 size-medium alignleft\" src=\"https:\/\/ml2u9lzqwze4.i.optimole.com\/F_a2AAg-9mYAfymo\/w:300\/h:300\/q:90\/https:\/\/cococrem.es\/blog\/wp-content\/uploads\/2021\/12\/cowash-As-I-am-kids.jpg\" alt=\"cowash As I am kids\" width=\"300\" height=\"300\" \/></noscript><\/a><a href=\"\/born-curly-as-i-am\/2826-born-curly-argan-leave-in-conditioner-as-i-am.html\"><img data-opt-src=\"https:\/\/ml2u9lzqwze4.i.optimole.com\/F_a2AAg-BlgudBTS\/w:300\/h:300\/q:90\/https:\/\/cococrem.es\/blog\/wp-content\/uploads\/2021\/12\/leave-in-conditioner-as-i-am-kids.jpg\"  decoding=\"async\" class=\"wp-image-9314 size-medium alignright\" src=\"https:\/\/ml2u9lzqwze4.i.optimole.com\/F_a2AAg-BlgudBTS\/w:300\/h:300\/q:eco\/https:\/\/cococrem.es\/blog\/wp-content\/uploads\/2021\/12\/leave-in-conditioner-as-i-am-kids.jpg\" alt=\"leave in conditioner as i am kids\" width=\"300\" height=\"300\" \/><noscript><img decoding=\"async\" class=\"wp-image-9314 size-medium alignright\" src=\"https:\/\/ml2u9lzqwze4.i.optimole.com\/F_a2AAg-BlgudBTS\/w:300\/h:300\/q:90\/https:\/\/cococrem.es\/blog\/wp-content\/uploads\/2021\/12\/leave-in-conditioner-as-i-am-kids.jpg\" alt=\"leave in conditioner as i am kids\" width=\"300\" height=\"300\" \/></noscript><\/a><\/p>\n<p>&nbsp;<\/p>\n<p>&nbsp;<\/p>\n<p>&nbsp;<\/p>\n<p>&nbsp;<\/p>\n<p>&nbsp;<\/p>\n<p>&nbsp;<\/p>\n<p>&nbsp;<\/p>\n<p>&nbsp;<\/p>\n<p style=\"text-align: justify;\">L\u00ednea destinada a los m\u00e1s peque\u00f1os con f\u00f3rmulas suaves e hidratantes <strong>a base de aceites de arg\u00e1n y cal\u00e9ndula<\/strong>. Pensados especialmente para el cabello de beb\u00e9s y ni\u00f1os con rizos de tipo 3 y 4.<\/p>\n<h4>As I am l\u00ednea Dry and Itchy Scalp Care<\/h4>\n<p>&nbsp;<\/p>\n<p><a href=\"\/dry-itchy-scalp-care\/2481-dry-itchy-scalp-care-cowash-as-i-am.html\"><img data-opt-src=\"https:\/\/ml2u9lzqwze4.i.optimole.com\/F_a2AAg-y6VMwjJ6\/w:300\/h:300\/q:90\/https:\/\/cococrem.es\/blog\/wp-content\/uploads\/2021\/12\/cowash-as-i-am.jpg\"  decoding=\"async\" class=\"alignleft wp-image-9311 size-medium\" src=\"https:\/\/ml2u9lzqwze4.i.optimole.com\/F_a2AAg-y6VMwjJ6\/w:300\/h:300\/q:eco\/https:\/\/cococrem.es\/blog\/wp-content\/uploads\/2021\/12\/cowash-as-i-am.jpg\" alt=\"cowash As I Am\" width=\"300\" height=\"300\" \/><noscript><img decoding=\"async\" class=\"alignleft wp-image-9311 size-medium\" src=\"https:\/\/ml2u9lzqwze4.i.optimole.com\/F_a2AAg-y6VMwjJ6\/w:300\/h:300\/q:90\/https:\/\/cococrem.es\/blog\/wp-content\/uploads\/2021\/12\/cowash-as-i-am.jpg\" alt=\"cowash As I Am\" width=\"300\" height=\"300\" \/></noscript><\/a><a href=\"\/dry-itchy-scalp-care\/2483-olive-tea-tree-oil-leave-in-conditioner-as-i-am.html\"><img data-opt-src=\"https:\/\/ml2u9lzqwze4.i.optimole.com\/F_a2AAg-I155U-Ol\/w:300\/h:300\/q:90\/https:\/\/cococrem.es\/blog\/wp-content\/uploads\/2021\/12\/leave-in-conditioner-as-i-am.jpg\"  decoding=\"async\" class=\"wp-image-9312 size-medium alignright\" src=\"https:\/\/ml2u9lzqwze4.i.optimole.com\/F_a2AAg-I155U-Ol\/w:300\/h:300\/q:eco\/https:\/\/cococrem.es\/blog\/wp-content\/uploads\/2021\/12\/leave-in-conditioner-as-i-am.jpg\" alt=\"Leave In Conditioner As I Am\" width=\"300\" height=\"300\" \/><noscript><img decoding=\"async\" class=\"wp-image-9312 size-medium alignright\" src=\"https:\/\/ml2u9lzqwze4.i.optimole.com\/F_a2AAg-I155U-Ol\/w:300\/h:300\/q:90\/https:\/\/cococrem.es\/blog\/wp-content\/uploads\/2021\/12\/leave-in-conditioner-as-i-am.jpg\" alt=\"Leave In Conditioner As I Am\" width=\"300\" height=\"300\" \/></noscript><\/a><\/p>\n<p>&nbsp;<\/p>\n<p>&nbsp;<\/p>\n<p>&nbsp;<\/p>\n<p>&nbsp;<\/p>\n<p>&nbsp;<\/p>\n<p>&nbsp;<\/p>\n<p>&nbsp;<\/p>\n<p>&nbsp;<\/p>\n<p style=\"text-align: justify;\">L\u00ednea de tratamiento para cuero cabelludo sensible, con descamaci\u00f3n o picor que incorpora <strong>aceite de oliva y de \u00e1rbol de t\u00e9<\/strong>. Una soluci\u00f3n natural que deja el cabello suave y el\u00e1stico.<\/p>\n<p style=\"text-align: justify;\">Adem\u00e1s, en nuestros <a href=\"\/472-producto-para-pelo\">productos capilares<\/a>\u00a0ver\u00e1s, en caso de que un producto sea apto, el icono correspondiente para que lo compres y lo uses sin miedo.<\/p>\n<p><a href=\"\/881-pelo-rizado\"><img data-opt-src=\"https:\/\/ml2u9lzqwze4.i.optimole.com\/F_a2AAg-9nLhIn4d\/w:150\/h:150\/q:90\/rt:fill\/g:ce\/https:\/\/cococrem.es\/blog\/wp-content\/uploads\/2021\/12\/metodo_curly.png\"  decoding=\"async\" class=\"aligncenter wp-image-9308 size-thumbnail\" src=\"https:\/\/ml2u9lzqwze4.i.optimole.com\/F_a2AAg-9nLhIn4d\/w:150\/h:150\/q:eco\/https:\/\/cococrem.es\/blog\/wp-content\/uploads\/2021\/12\/metodo_curly.png\" alt=\"icono m\u00e9todo curly\" width=\"150\" height=\"150\" \/><noscript><img decoding=\"async\" class=\"aligncenter wp-image-9308 size-thumbnail\" src=\"https:\/\/ml2u9lzqwze4.i.optimole.com\/F_a2AAg-9nLhIn4d\/w:150\/h:150\/q:90\/rt:fill\/g:ce\/https:\/\/cococrem.es\/blog\/wp-content\/uploads\/2021\/12\/metodo_curly.png\" alt=\"icono m\u00e9todo curly\" width=\"150\" height=\"150\" \/></noscript><\/a><\/p>\n<p>&nbsp;<\/p>\n<p style=\"text-align: justify;\">Este es un breve resumen del funcionamiento del m\u00e9todo curly, un m\u00e9todo que ha revivido el inter\u00e9s por el cabello rizado y reafirma a los hombres y mujeres que quieren <strong>lucir con buen aspecto esa melena\u00a0<\/strong><em><strong>curly<\/strong>\u00a0<\/em>que tanta personalidad les aporta.<\/p>\n<p style=\"text-align: justify;\">\u00bfNecesitas asesoramiento? <a href=\"\/contactenos\" target=\"_blank\" rel=\"noopener\">Cont\u00e1ctanos<\/a> y estaremos encantadas de ayudarte a elegir los productos ideales para lucir tu melena <em>curly.<\/em><\/p>\n","protected":false},"excerpt":{"rendered":"<p>Probablemente hayas escuchado hablar mucho del m\u00e9todo curly, especialmente si tienes el pelo rizado o ondulado. Las redes sociales se han llenado de perfiles que explican este m\u00e9todo y grandes comunidades se han creado alrededor de \u00e9l. Lo cierto es que el m\u00e9todo curly apareci\u00f3 hace ya m\u00e1s de diez a\u00f1os cuando una estilista americana, [&hellip;]<\/p>\n","protected":false},"author":1,"featured_media":9306,"comment_status":"open","ping_status":"open","sticky":false,"template":"","format":"standard","meta":[],"categories":[280],"tags":[],"yoast_head":"<!-- This site is optimized with the Yoast SEO plugin v19.13 - https:\/\/yoast.com\/wordpress\/plugins\/seo\/ -->\n<title>Qu\u00e9 es el m\u00e9todo curly | Cococrem Blog<\/title>\n<meta name=\"description\" content=\"El m\u00e9todo curly aboga por los cabellos rizados naturales, hidratados y sanos y proporciona una serie de directrices para lograrlo. Te lo explicamos.\" \/>\n<meta name=\"robots\" content=\"index, follow, max-snippet:-1, max-image-preview:large, max-video-preview:-1\" \/>\n<link rel=\"canonical\" href=\"https:\/\/cococrem.es\/blog\/metodo-curly\/\" \/>\n<meta property=\"og:locale\" content=\"es_ES\" \/>\n<meta property=\"og:type\" content=\"article\" \/>\n<meta property=\"og:title\" content=\"Qu\u00e9 es el m\u00e9todo curly | Cococrem Blog\" \/>\n<meta property=\"og:description\" content=\"El m\u00e9todo curly aboga por los cabellos rizados naturales, hidratados y sanos y proporciona una serie de directrices para lograrlo. Te lo explicamos.\" \/>\n<meta property=\"og:url\" content=\"https:\/\/cococrem.es\/blog\/metodo-curly\/\" \/>\n<meta property=\"og:site_name\" content=\"Cococrem Blog\" \/>\n<meta property=\"article:publisher\" content=\"https:\/\/www.facebook.com\/cococremcosmetica\/\" \/>\n<meta property=\"article:published_time\" content=\"2022-01-11T08:55:43+00:00\" \/>\n<meta property=\"og:image\" content=\"https:\/\/ml2u9lzqwze4.i.optimole.com\/F_a2AAg-eC-wK7yN\/w:auto\/h:auto\/q:90\/https:\/\/cococrem.es\/blog\/wp-content\/uploads\/2021\/12\/metodo-curly.jpg\" \/>\n\t<meta property=\"og:image:width\" content=\"991\" \/>\n\t<meta property=\"og:image:height\" content=\"743\" \/>\n\t<meta property=\"og:image:type\" content=\"image\/jpeg\" \/>\n<meta name=\"author\" content=\"CocoCrem\" \/>\n<meta name=\"twitter:card\" content=\"summary_large_image\" \/>\n<meta name=\"twitter:label1\" content=\"Escrito por\" \/>\n\t<meta name=\"twitter:data1\" content=\"CocoCrem\" \/>\n\t<meta name=\"twitter:label2\" content=\"Tiempo de lectura\" \/>\n\t<meta name=\"twitter:data2\" content=\"7 minutos\" \/>\n<script type=\"application\/ld+json\" class=\"yoast-schema-graph\">{\"@context\":\"https:\/\/schema.org\",\"@graph\":[{\"@type\":\"Article\",\"@id\":\"https:\/\/cococrem.es\/blog\/metodo-curly\/#article\",\"isPartOf\":{\"@id\":\"https:\/\/cococrem.es\/blog\/metodo-curly\/\"},\"author\":{\"name\":\"CocoCrem\",\"@id\":\"https:\/\/cococrem.es\/blog\/#\/schema\/person\/5fa0642d13ce141060d5e17be774aac4\"},\"headline\":\"Qu\u00e9 es el m\u00e9todo curly\",\"datePublished\":\"2022-01-11T08:55:43+00:00\",\"dateModified\":\"2022-01-11T08:55:43+00:00\",\"mainEntityOfPage\":{\"@id\":\"https:\/\/cococrem.es\/blog\/metodo-curly\/\"},\"wordCount\":1495,\"commentCount\":0,\"publisher\":{\"@id\":\"https:\/\/cococrem.es\/blog\/#organization\"},\"articleSection\":[\"Cuidado cabello\"],\"inLanguage\":\"es\",\"potentialAction\":[{\"@type\":\"CommentAction\",\"name\":\"Comment\",\"target\":[\"https:\/\/cococrem.es\/blog\/metodo-curly\/#respond\"]}]},{\"@type\":\"WebPage\",\"@id\":\"https:\/\/cococrem.es\/blog\/metodo-curly\/\",\"url\":\"https:\/\/cococrem.es\/blog\/metodo-curly\/\",\"name\":\"Qu\u00e9 es el m\u00e9todo curly | Cococrem Blog\",\"isPartOf\":{\"@id\":\"https:\/\/cococrem.es\/blog\/#website\"},\"datePublished\":\"2022-01-11T08:55:43+00:00\",\"dateModified\":\"2022-01-11T08:55:43+00:00\",\"description\":\"El m\u00e9todo curly aboga por los cabellos rizados naturales, hidratados y sanos y proporciona una serie de directrices para lograrlo. Te lo explicamos.\",\"breadcrumb\":{\"@id\":\"https:\/\/cococrem.es\/blog\/metodo-curly\/#breadcrumb\"},\"inLanguage\":\"es\",\"potentialAction\":[{\"@type\":\"ReadAction\",\"target\":[\"https:\/\/cococrem.es\/blog\/metodo-curly\/\"]}]},{\"@type\":\"BreadcrumbList\",\"@id\":\"https:\/\/cococrem.es\/blog\/metodo-curly\/#breadcrumb\",\"itemListElement\":[{\"@type\":\"ListItem\",\"position\":1,\"name\":\"Portada\",\"item\":\"https:\/\/cococrem.es\/blog\/\"},{\"@type\":\"ListItem\",\"position\":2,\"name\":\"Qu\u00e9 es el m\u00e9todo curly\"}]},{\"@type\":\"WebSite\",\"@id\":\"https:\/\/cococrem.es\/blog\/#website\",\"url\":\"https:\/\/cococrem.es\/blog\/\",\"name\":\"Cococrem Blog\",\"description\":\"El blog de cosm\u00e9tica especializada m\u00e1s completo\",\"publisher\":{\"@id\":\"https:\/\/cococrem.es\/blog\/#organization\"},\"potentialAction\":[{\"@type\":\"SearchAction\",\"target\":{\"@type\":\"EntryPoint\",\"urlTemplate\":\"https:\/\/cococrem.es\/blog\/?s={search_term_string}\"},\"query-input\":\"required name=search_term_string\"}],\"inLanguage\":\"es\"},{\"@type\":\"Organization\",\"@id\":\"https:\/\/cococrem.es\/blog\/#organization\",\"name\":\"Cococrem Blog\",\"url\":\"https:\/\/cococrem.es\/blog\/\",\"logo\":{\"@type\":\"ImageObject\",\"inLanguage\":\"es\",\"@id\":\"https:\/\/cococrem.es\/blog\/#\/schema\/logo\/image\/\",\"url\":\"https:\/\/ml2u9lzqwze4.i.optimole.com\/F_a2AAg-_UEXn52G\/w:auto\/h:auto\/q:90\/https:\/\/cococrem.es\/blog\/wp-content\/uploads\/2017\/07\/logo-1476778437.jpg.png\",\"contentUrl\":\"https:\/\/ml2u9lzqwze4.i.optimole.com\/F_a2AAg-_UEXn52G\/w:auto\/h:auto\/q:90\/https:\/\/cococrem.es\/blog\/wp-content\/uploads\/2017\/07\/logo-1476778437.jpg.png\",\"width\":265,\"height\":127,\"caption\":\"Cococrem Blog\"},\"image\":{\"@id\":\"https:\/\/cococrem.es\/blog\/#\/schema\/logo\/image\/\"},\"sameAs\":[\"https:\/\/www.instagram.com\/cococremcosmetica\/\",\"https:\/\/www.facebook.com\/cococremcosmetica\/\"]},{\"@type\":\"Person\",\"@id\":\"https:\/\/cococrem.es\/blog\/#\/schema\/person\/5fa0642d13ce141060d5e17be774aac4\",\"name\":\"CocoCrem\",\"image\":{\"@type\":\"ImageObject\",\"inLanguage\":\"es\",\"@id\":\"https:\/\/cococrem.es\/blog\/#\/schema\/person\/image\/\",\"url\":\"https:\/\/secure.gravatar.com\/avatar\/cbc64a2cd357e6d5ebfbefdae6a8eaa4?s=96&d=mm&r=g\",\"contentUrl\":\"https:\/\/secure.gravatar.com\/avatar\/cbc64a2cd357e6d5ebfbefdae6a8eaa4?s=96&d=mm&r=g\",\"caption\":\"CocoCrem\"}}]}<\/script>\n<!-- \/ Yoast SEO plugin. -->","yoast_head_json":{"title":"Qu\u00e9 es el m\u00e9todo curly | Cococrem Blog","description":"El m\u00e9todo curly aboga por los cabellos rizados naturales, hidratados y sanos y proporciona una serie de directrices para lograrlo. Te lo explicamos.","robots":{"index":"index","follow":"follow","max-snippet":"max-snippet:-1","max-image-preview":"max-image-preview:large","max-video-preview":"max-video-preview:-1"},"canonical":"https:\/\/cococrem.es\/blog\/metodo-curly\/","og_locale":"es_ES","og_type":"article","og_title":"Qu\u00e9 es el m\u00e9todo curly | Cococrem Blog","og_description":"El m\u00e9todo curly aboga por los cabellos rizados naturales, hidratados y sanos y proporciona una serie de directrices para lograrlo. Te lo explicamos.","og_url":"https:\/\/cococrem.es\/blog\/metodo-curly\/","og_site_name":"Cococrem Blog","article_publisher":"https:\/\/www.facebook.com\/cococremcosmetica\/","article_published_time":"2022-01-11T08:55:43+00:00","og_image":[{"width":991,"height":743,"url":"https:\/\/ml2u9lzqwze4.i.optimole.com\/F_a2AAg-eC-wK7yN\/w:auto\/h:auto\/q:90\/https:\/\/cococrem.es\/blog\/wp-content\/uploads\/2021\/12\/metodo-curly.jpg","type":"image\/jpeg"}],"author":"CocoCrem","twitter_card":"summary_large_image","twitter_misc":{"Escrito por":"CocoCrem","Tiempo de lectura":"7 minutos"},"schema":{"@context":"https:\/\/schema.org","@graph":[{"@type":"Article","@id":"https:\/\/cococrem.es\/blog\/metodo-curly\/#article","isPartOf":{"@id":"https:\/\/cococrem.es\/blog\/metodo-curly\/"},"author":{"name":"CocoCrem","@id":"https:\/\/cococrem.es\/blog\/#\/schema\/person\/5fa0642d13ce141060d5e17be774aac4"},"headline":"Qu\u00e9 es el m\u00e9todo curly","datePublished":"2022-01-11T08:55:43+00:00","dateModified":"2022-01-11T08:55:43+00:00","mainEntityOfPage":{"@id":"https:\/\/cococrem.es\/blog\/metodo-curly\/"},"wordCount":1495,"commentCount":0,"publisher":{"@id":"https:\/\/cococrem.es\/blog\/#organization"},"articleSection":["Cuidado cabello"],"inLanguage":"es","potentialAction":[{"@type":"CommentAction","name":"Comment","target":["https:\/\/cococrem.es\/blog\/metodo-curly\/#respond"]}]},{"@type":"WebPage","@id":"https:\/\/cococrem.es\/blog\/metodo-curly\/","url":"https:\/\/cococrem.es\/blog\/metodo-curly\/","name":"Qu\u00e9 es el m\u00e9todo curly | Cococrem Blog","isPartOf":{"@id":"https:\/\/cococrem.es\/blog\/#website"},"datePublished":"2022-01-11T08:55:43+00:00","dateModified":"2022-01-11T08:55:43+00:00","description":"El m\u00e9todo curly aboga por los cabellos rizados naturales, hidratados y sanos y proporciona una serie de directrices para lograrlo. Te lo explicamos.","breadcrumb":{"@id":"https:\/\/cococrem.es\/blog\/metodo-curly\/#breadcrumb"},"inLanguage":"es","potentialAction":[{"@type":"ReadAction","target":["https:\/\/cococrem.es\/blog\/metodo-curly\/"]}]},{"@type":"BreadcrumbList","@id":"https:\/\/cococrem.es\/blog\/metodo-curly\/#breadcrumb","itemListElement":[{"@type":"ListItem","position":1,"name":"Portada","item":"https:\/\/cococrem.es\/blog\/"},{"@type":"ListItem","position":2,"name":"Qu\u00e9 es el m\u00e9todo curly"}]},{"@type":"WebSite","@id":"https:\/\/cococrem.es\/blog\/#website","url":"https:\/\/cococrem.es\/blog\/","name":"Cococrem Blog","description":"El blog de cosm\u00e9tica especializada m\u00e1s completo","publisher":{"@id":"https:\/\/cococrem.es\/blog\/#organization"},"potentialAction":[{"@type":"SearchAction","target":{"@type":"EntryPoint","urlTemplate":"https:\/\/cococrem.es\/blog\/?s={search_term_string}"},"query-input":"required name=search_term_string"}],"inLanguage":"es"},{"@type":"Organization","@id":"https:\/\/cococrem.es\/blog\/#organization","name":"Cococrem Blog","url":"https:\/\/cococrem.es\/blog\/","logo":{"@type":"ImageObject","inLanguage":"es","@id":"https:\/\/cococrem.es\/blog\/#\/schema\/logo\/image\/","url":"https:\/\/ml2u9lzqwze4.i.optimole.com\/F_a2AAg-_UEXn52G\/w:auto\/h:auto\/q:90\/https:\/\/cococrem.es\/blog\/wp-content\/uploads\/2017\/07\/logo-1476778437.jpg.png","contentUrl":"https:\/\/ml2u9lzqwze4.i.optimole.com\/F_a2AAg-_UEXn52G\/w:auto\/h:auto\/q:90\/https:\/\/cococrem.es\/blog\/wp-content\/uploads\/2017\/07\/logo-1476778437.jpg.png","width":265,"height":127,"caption":"Cococrem Blog"},"image":{"@id":"https:\/\/cococrem.es\/blog\/#\/schema\/logo\/image\/"},"sameAs":["https:\/\/www.instagram.com\/cococremcosmetica\/","https:\/\/www.facebook.com\/cococremcosmetica\/"]},{"@type":"Person","@id":"https:\/\/cococrem.es\/blog\/#\/schema\/person\/5fa0642d13ce141060d5e17be774aac4","name":"CocoCrem","image":{"@type":"ImageObject","inLanguage":"es","@id":"https:\/\/cococrem.es\/blog\/#\/schema\/person\/image\/","url":"https:\/\/secure.gravatar.com\/avatar\/cbc64a2cd357e6d5ebfbefdae6a8eaa4?s=96&d=mm&r=g","contentUrl":"https:\/\/secure.gravatar.com\/avatar\/cbc64a2cd357e6d5ebfbefdae6a8eaa4?s=96&d=mm&r=g","caption":"CocoCrem"}}]}},"_links":{"self":[{"href":"https:\/\/cococrem.es\/blog\/wp-json\/wp\/v2\/posts\/9304"}],"collection":[{"href":"https:\/\/cococrem.es\/blog\/wp-json\/wp\/v2\/posts"}],"about":[{"href":"https:\/\/cococrem.es\/blog\/wp-json\/wp\/v2\/types\/post"}],"author":[{"embeddable":true,"href":"https:\/\/cococrem.es\/blog\/wp-json\/wp\/v2\/users\/1"}],"replies":[{"embeddable":true,"href":"https:\/\/cococrem.es\/blog\/wp-json\/wp\/v2\/comments?post=9304"}],"version-history":[{"count":18,"href":"https:\/\/cococrem.es\/blog\/wp-json\/wp\/v2\/posts\/9304\/revisions"}],"predecessor-version":[{"id":9337,"href":"https:\/\/cococrem.es\/blog\/wp-json\/wp\/v2\/posts\/9304\/revisions\/9337"}],"wp:featuredmedia":[{"embeddable":true,"href":"https:\/\/cococrem.es\/blog\/wp-json\/wp\/v2\/media\/9306"}],"wp:attachment":[{"href":"https:\/\/cococrem.es\/blog\/wp-json\/wp\/v2\/media?parent=9304"}],"wp:term":[{"taxonomy":"category","embeddable":true,"href":"https:\/\/cococrem.es\/blog\/wp-json\/wp\/v2\/categories?post=9304"},{"taxonomy":"post_tag","embeddable":true,"href":"https:\/\/cococrem.es\/blog\/wp-json\/wp\/v2\/tags?post=9304"}],"curies":[{"name":"wp","href":"https:\/\/api.w.org\/{rel}","templated":true}]}}